{"id":1080,"date":"2024-11-11T20:25:27","date_gmt":"2024-11-11T18:25:27","guid":{"rendered":"https:\/\/gazetajuridica.ro\/?p=1080"},"modified":"2024-11-30T20:44:36","modified_gmt":"2024-11-30T18:44:36","slug":"iccj-dcd-admisa-ref-situatia-de-exceptie-in-care-structurile-subordonate-ale-a-p-i-a-si-inspectiei-muncii-beneficiaza-de-dreptul-la-majorare-cu-5-fata-de-nivelul-acordat-pentru-luna-decembrie-2023","status":"publish","type":"post","link":"https:\/\/gazetajuridica.ro\/index.php\/2024\/11\/11\/iccj-dcd-admisa-ref-situatia-de-exceptie-in-care-structurile-subordonate-ale-a-p-i-a-si-inspectiei-muncii-beneficiaza-de-dreptul-la-majorare-cu-5-fata-de-nivelul-acordat-pentru-luna-decembrie-2023\/","title":{"rendered":"\u00ceCCJ. DCD admis\u0103 ref. situa\u021bia de excep\u021bie \u00een care structurile subordonate ale A.P.I.A. \u015fi Inspec\u021biei Muncii beneficiaz\u0103 de dreptul la majorare cu 5% fa\u0163\u0103 de nivelul acordat pentru luna decembrie 2023 a salariului de baz\u0103\/indemniza\u0163iei de \u00eencadrare brut\u0103 lunar\u0103 cuvenite de la 1 ianuarie 2024"},"content":{"rendered":"<p>Conform unui comunicat disponibil pe pagina oficial\u0103 de internet, \u00een \u015fedin\u0163a din 11 noiembrie 2024, \u00cenalta Curte de Casa\u0163ie \u015fi Justi\u0163ie \u2013 Completul pentru dezlegarea unor chestiuni de drept \u00een materie civil\u0103, legal constituit \u00een fiecare dintre cauze, a solu\u021bionat cinci sesiz\u0103ri \u00een vederea pronun\u021b\u0103rii unei hot\u0103r\u00e2ri prealabile pentru dezlegarea unor chestiuni de drept, fiind pronun\u021bat\u0103 \u0219i urm\u0103toarea solu\u021bie de admitere, respectiv:<\/p>\n<p>Prin <strong>Decizia nr. 70\/2024<\/strong> din dosarul nr. 2020\/1\/2024, s-a pronun\u021bat urm\u0103toarea solu\u021bie obligatorie:<\/p>\n<p><em>\u201dAdmite sesizarea formulat\u0103 de Tribunalul Bucure\u015fti \u2013 sec\u0163ia a VIII-a conflicte de munc\u0103 \u015fi asigur\u0103ri sociale, \u00een Dosarul nr. 20.154\/3\/2024, \u00een vederea pronun\u0163\u0103rii unei hot\u0103r\u00e2ri prealabile \u015fi, \u00een consecin\u0163\u0103, stabile\u0219te c\u0103:<\/em><\/p>\n<p><em>\u00cen interpretarea \u015fi aplicarea art. I alin. (1) \u015fi alin. (7) din Ordonan\u0163a de urgen\u0163\u0103 a Guvernului nr. 115\/2023, personalul din familia ocupa\u0163ional\u0103 \u201eJusti\u0163ie\u201d, ale c\u0103rui drepturi salariale au fost calculate, prin acte administrative ale ordonatorilor principali de credite, prin raportare la valoarea de referin\u0163\u0103 sectorial\u0103 de 605,225 lei, f\u0103r\u0103 a se \u0163ine cont de plafonarea prev\u0103zut\u0103 de art. 38 alin. (6) din Legea nr. 153\/2017, nu beneficiaz\u0103 de majorarea de 5% a indemniza\u0163iei de \u00eencadrare brute lunare, \u00eencep\u00e2nd cu 01 ianuarie 2024.<\/em><\/p>\n<p><em>Admite sesiz\u0103rile formulate de Tribunalul V\u00e2lcea \u2013 Sec\u0163ia a II-a civil\u0103 \u00een Dosarul nr. 1.325\/90\/2024, de Curtea de Apel T\u00e2rgu Mure\u015f \u2013 Sec\u0163ia a II-a civil\u0103, de contencios administrativ \u015fi fiscal \u00een Dosarul nr. 2.618\/102\/2024, de Tribunalul Alba \u2013 Sec\u0163ia a II-a civil\u0103, de contencios administrativ, fiscal \u015fi de insolven\u0163\u0103, \u00een dosarele nr. 1.766\/107\/2024, nr. 1.778\/107\/2024, nr. 1.771\/107\/2024, nr. 1.772\/107\/2024, nr. 1.777\/107\/2024 \u015fi nr. 1.768\/107\/2024 \u015fi de Tribunalul Mure\u015f \u2013 Sec\u0163ia contencios administrativ \u015fi fiscal \u00een Dosarul nr. 2.952\/102\/2024 \u00een vederea pronun\u0163\u0103rii unei hot\u0103r\u00e2ri prealabile \u015fi, \u00een consecin\u0163\u0103, stabile\u015fte c\u0103:<\/em><\/p>\n<p><em>\u201e\u00cen interpretarea \u015fi aplicarea art. III pct. 3, art. VI din Ordonan\u0163a de urgen\u0163\u0103 a Guvernului nr. 128\/2023 cu trimitere la art. I alin. (1) din Ordonan\u0163a de urgen\u0163\u0103 a Guvernului nr. 115\/2023, structurile subordonate ale A.P.I.A. \u015fi Inspec\u021biei Muncii nu beneficiaz\u0103 de dreptul la majorare cu 5% fa\u0163\u0103 de nivelul acordat pentru luna decembrie 2023 a salariului de baz\u0103\/indemniza\u0163iei de \u00eencadrare brut\u0103 lunar\u0103 cuvenite de la 1 ianuarie 2024, cu excep\u021bia situa\u0163iei \u00een care, din aplicarea prevederilor Ordonan\u0163ei de urgen\u0163\u0103 a Guvernului nr. 128\/2023, ar rezulta o majorare a salariilor de baz\u0103 mai mic\u0103 dec\u00e2t procentul prev\u0103zut la art. I alin. (1) din Ordonan\u0163a de urgen\u0163\u0103 a Guvernului nr. 115\/2023, situa\u0163ie \u00een care se aplic\u0103 procentul de 5% la salariul de baz\u0103 aferent lunii decembrie 2023\u201d.<\/em><\/p>\n<p><em>Obligatorie, potrivit dispozi\u0163iilor art. 521 alin. (3) din Codul de procedur\u0103 civil\u0103.<\/em><\/p>\n<p><em>Pronun\u0163at\u0103 \u00een \u015fedin\u0163\u0103 public\u0103 ast\u0103zi, 11 noiembrie 2024.\u201d<\/em><\/p>\n<p><strong>&gt;&gt;\u00a0<\/strong><a href=\"https:\/\/www.iccj.ro\/2024\/11\/11\/comunicat-privind-deciziile-pronuntate-de-completul-pentru-dezlegarea-unor-chestiuni-de-drept-in-materie-civila-in-sedinta-din-11-noiembrie-2024\/\" target=\"_blank\" rel=\"noopener\"><strong>Comunicatul \u00ceCCJ<\/strong><\/a><\/p>\n","protected":false},"excerpt":{"rendered":"<p>Conform unui comunicat disponibil pe pagina oficial\u0103 de internet, \u00een \u015fedin\u0163a din 11 noiembrie 2024, \u00cenalta Curte de Casa\u0163ie \u015fi Justi\u0163ie \u2013 Completul pentru dezlegarea unor chestiuni de drept \u00een materie civil\u0103, legal constituit \u00een fiecare dintre cauze, a solu\u021bionat cinci sesiz\u0103ri \u00een vederea pronun\u021b\u0103rii unei hot\u0103r\u00e2ri prealabile pentru dezlegarea unor chestiuni de drept, fiind [&hellip;]<\/p>\n","protected":false},"author":1,"featured_media":0,"comment_status":"open","ping_status":"open","sticky":false,"template":"","format":"standard","meta":{"footnotes":""},"categories":[17,41,35],"tags":[],"class_list":["post-1080","post","type-post","status-publish","format-standard","hentry","category-dreptul-muncii","category-iccj-dcd","category-jurisprudenta"],"_links":{"self":[{"href":"https:\/\/gazetajuridica.ro\/index.php\/wp-json\/wp\/v2\/posts\/1080","targetHints":{"allow":["GET"]}}],"collection":[{"href":"https:\/\/gazetajuridica.ro\/index.php\/wp-json\/wp\/v2\/posts"}],"about":[{"href":"https:\/\/gazetajuridica.ro\/index.php\/wp-json\/wp\/v2\/types\/post"}],"author":[{"embeddable":true,"href":"https:\/\/gazetajuridica.ro\/index.php\/wp-json\/wp\/v2\/users\/1"}],"replies":[{"embeddable":true,"href":"https:\/\/gazetajuridica.ro\/index.php\/wp-json\/wp\/v2\/comments?post=1080"}],"version-history":[{"count":1,"href":"https:\/\/gazetajuridica.ro\/index.php\/wp-json\/wp\/v2\/posts\/1080\/revisions"}],"predecessor-version":[{"id":1081,"href":"https:\/\/gazetajuridica.ro\/index.php\/wp-json\/wp\/v2\/posts\/1080\/revisions\/1081"}],"wp:attachment":[{"href":"https:\/\/gazetajuridica.ro\/index.php\/wp-json\/wp\/v2\/media?parent=1080"}],"wp:term":[{"taxonomy":"category","embeddable":true,"href":"https:\/\/gazetajuridica.ro\/index.php\/wp-json\/wp\/v2\/categories?post=1080"},{"taxonomy":"post_tag","embeddable":true,"href":"https:\/\/gazetajuridica.ro\/index.php\/wp-json\/wp\/v2\/tags?post=1080"}],"curies":[{"name":"wp","href":"https:\/\/api.w.org\/{rel}","templated":true}]}}