{"id":1093,"date":"2024-11-18T17:33:15","date_gmt":"2024-11-18T15:33:15","guid":{"rendered":"https:\/\/gazetajuridica.ro\/?p=1093"},"modified":"2024-12-01T18:07:24","modified_gmt":"2024-12-01T16:07:24","slug":"iccj-dcd-admisa-ref-drepturile-de-care-beneficieaza-personalul-civil-din-cadrul-ministerului-afacerilor-interne-care-isi-desfasoara-activitatea-in-baza-unui-contract-individual-de-munca","status":"publish","type":"post","link":"https:\/\/gazetajuridica.ro\/index.php\/2024\/11\/18\/iccj-dcd-admisa-ref-drepturile-de-care-beneficieaza-personalul-civil-din-cadrul-ministerului-afacerilor-interne-care-isi-desfasoara-activitatea-in-baza-unui-contract-individual-de-munca\/","title":{"rendered":"\u00ceCCJ. DCD admis\u0103 ref. drepturile de care beneficieaz\u0103 personalul civil din cadrul Ministerului Afacerilor Interne care \u00ee\u0219i desf\u0103\u0219oar\u0103 activitatea \u00een baza unui contract individual de munc\u0103"},"content":{"rendered":"<p>Conform unui comunicat disponibil pe pagina oficial\u0103 de internet, \u00een \u015fedin\u0163a din 18 noiembrie 2024, \u00cenalta Curte de Casa\u0163ie \u015fi Justi\u0163ie \u2013 Completul pentru dezlegarea unor chestiuni de drept \u00een materie civil\u0103, legal constituit \u00een fiecare dintre cauze, a solu\u021bionat \u0219aisprezece sesiz\u0103ri \u00een vederea pronun\u021b\u0103rii unei hot\u0103r\u00e2ri prealabile pentru dezlegarea unor chestiuni de drept, fiind pronun\u021bat\u0103 \u0219i urm\u0103toarea solu\u021bie de admitere, respectiv:<\/p>\n<p>Prin <strong>Decizia nr. 74\/2024<\/strong> din dosarul nr. 1819\/1\/2024, s-a pronun\u021bat urm\u0103toarea solu\u021bie obligatorie:<\/p>\n<p><em>\u201dAdmite sesizarea formulat\u0103 de Curtea de Apel Timi\u0219oara \u2013 Sec\u021bia litigii de munc\u0103 \u0219i asigur\u0103ri sociale, \u00een dosarul nr. 948\/115\/2023, \u00een vederea pronun\u021b\u0103rii unei hot\u0103r\u00e2ri prealabile \u0219i, \u00een consecin\u021b\u0103, stabile\u0219te c\u0103:<\/em><\/p>\n<p><em>\u00cen interpretarea \u0219i aplicarea dispozi\u021biilor art. 9 alin. (1) lit. h)-j) \u0219i alin. (3) din Hot\u0103r\u00e2rea Guvernului nr. 1.198\/2022 privind drepturile de transport, pe teritoriul na\u0163ional, ale personalului din institu\u0163iile de ap\u0103rare, ordine public\u0103 \u015fi securitate na\u0163ional\u0103, cu modific\u0103rile \u015fi complet\u0103rile ulterioare, raportate la dispozi\u021biile art. 3 alin. (3) \u0219i (4) din Normele metodologice de aplicare la nivelul Ministerului Afacerilor Interne a Hot\u0103r\u00e2rii Guvernului nr. 1.198\/2022 privind drepturile de transport, pe teritoriul na\u0163ional, ale personalului din institu\u0163iile de ap\u0103rare, ordine public\u0103 \u015fi securitate na\u0163ional\u0103, aprobate prin Ordinul ministrului afacerilor interne nr. 181\/2022, cu modific\u0103rile \u015fi complet\u0103rile ulterioare, personalul civil care \u00ee\u0219i desf\u0103\u0219oar\u0103 activitatea \u00een cadrul Ministerului Afacerilor Interne \u00een baza unui contract individual de munc\u0103, av\u00e2nd domiciliul \u00een alt\u0103 localitate la momentul angaj\u0103rii, nu se \u00eencadreaz\u0103 \u00een no\u021biunea de personal ,,numit \u00een prima func\u0163ie\/transferat\/chemat\/rechemat \u00een activitate \u00eentr-o alt\u0103 localitate dec\u00e2t cea de domiciliu sau de re\u015fedin\u0163\u0103\u201d\/,,mutat \u00een interes de serviciu\u201d.<\/em><\/p>\n<p><em>Personalul civil din cadrul Ministerului Afacerilor Interne care \u00ee\u0219i desf\u0103\u0219oar\u0103 activitatea \u00een baza unui contract individual de munc\u0103, la care face referire art. 2 lit. h) din Hot\u0103r\u00e2rea Guvernului nr. 1.198\/2022, cu modific\u0103rile \u015fi complet\u0103rile ulterioare, beneficiaz\u0103 de drepturile prev\u0103zute la art. 9 alin. (1) lit. h)-j) din acela\u0219i act normativ, doar \u00een situa\u021bia transferului \u00eentr-o alt\u0103 localitate dec\u00e2t cea de domiciliu sau de re\u0219edin\u021b\u0103 \u0219i \u00een situa\u021bia deta\u0219\u0103rii pentru \u00eendeplinirea func\u021biilor \u00eentr-o alt\u0103 localitate dec\u00e2t cea de domiciliu sau de re\u0219edin\u021b\u0103.<\/em><\/p>\n<p><em>Obligatorie, potrivit dispozi\u021biilor art. 521 alin. (3) din Codul de procedur\u0103 civil\u0103.<\/em><\/p>\n<p><em>Pronun\u021bat\u0103 \u00een \u0219edin\u021b\u0103 public\u0103 ast\u0103zi, 18 noiembrie 2024<\/em><em>.\u201d<\/em><\/p>\n<p><strong>&gt;&gt;\u00a0<\/strong><a href=\"https:\/\/www.iccj.ro\/2024\/11\/19\/comunicat-privind-deciziile-pronuntate-de-completul-pentru-dezlegarea-unor-chestiuni-de-drept-in-materie-civila-in-sedinta-din-18-noiembrie-2024\/\" target=\"_blank\" rel=\"noopener\"><strong>Comunicatul \u00ceCCJ<\/strong><\/a><\/p>\n","protected":false},"excerpt":{"rendered":"<p>Conform unui comunicat disponibil pe pagina oficial\u0103 de internet, \u00een \u015fedin\u0163a din 18 noiembrie 2024, \u00cenalta Curte de Casa\u0163ie \u015fi Justi\u0163ie \u2013 Completul pentru dezlegarea unor chestiuni de drept \u00een materie civil\u0103, legal constituit \u00een fiecare dintre cauze, a solu\u021bionat \u0219aisprezece sesiz\u0103ri \u00een vederea pronun\u021b\u0103rii unei hot\u0103r\u00e2ri prealabile pentru dezlegarea unor chestiuni de drept, fiind [&hellip;]<\/p>\n","protected":false},"author":1,"featured_media":0,"comment_status":"open","ping_status":"open","sticky":false,"template":"","format":"standard","meta":{"footnotes":""},"categories":[17,41,35],"tags":[],"class_list":["post-1093","post","type-post","status-publish","format-standard","hentry","category-dreptul-muncii","category-iccj-dcd","category-jurisprudenta"],"_links":{"self":[{"href":"https:\/\/gazetajuridica.ro\/index.php\/wp-json\/wp\/v2\/posts\/1093","targetHints":{"allow":["GET"]}}],"collection":[{"href":"https:\/\/gazetajuridica.ro\/index.php\/wp-json\/wp\/v2\/posts"}],"about":[{"href":"https:\/\/gazetajuridica.ro\/index.php\/wp-json\/wp\/v2\/types\/post"}],"author":[{"embeddable":true,"href":"https:\/\/gazetajuridica.ro\/index.php\/wp-json\/wp\/v2\/users\/1"}],"replies":[{"embeddable":true,"href":"https:\/\/gazetajuridica.ro\/index.php\/wp-json\/wp\/v2\/comments?post=1093"}],"version-history":[{"count":1,"href":"https:\/\/gazetajuridica.ro\/index.php\/wp-json\/wp\/v2\/posts\/1093\/revisions"}],"predecessor-version":[{"id":1106,"href":"https:\/\/gazetajuridica.ro\/index.php\/wp-json\/wp\/v2\/posts\/1093\/revisions\/1106"}],"wp:attachment":[{"href":"https:\/\/gazetajuridica.ro\/index.php\/wp-json\/wp\/v2\/media?parent=1093"}],"wp:term":[{"taxonomy":"category","embeddable":true,"href":"https:\/\/gazetajuridica.ro\/index.php\/wp-json\/wp\/v2\/categories?post=1093"},{"taxonomy":"post_tag","embeddable":true,"href":"https:\/\/gazetajuridica.ro\/index.php\/wp-json\/wp\/v2\/tags?post=1093"}],"curies":[{"name":"wp","href":"https:\/\/api.w.org\/{rel}","templated":true}]}}