{"id":1094,"date":"2024-11-18T17:38:48","date_gmt":"2024-11-18T15:38:48","guid":{"rendered":"https:\/\/gazetajuridica.ro\/?p=1094"},"modified":"2024-12-01T18:07:09","modified_gmt":"2024-12-01T16:07:09","slug":"iccj-dcd-admisa-ref-majorarea-de-pana-la-50-calculata-la-solda-de-functie-salariul-de-functie-salariul-de-baza-al-personalului-militar-politistilor-politistilor-de-penitenciare-si-personalului-c","status":"publish","type":"post","link":"https:\/\/gazetajuridica.ro\/index.php\/2024\/11\/18\/iccj-dcd-admisa-ref-majorarea-de-pana-la-50-calculata-la-solda-de-functie-salariul-de-functie-salariul-de-baza-al-personalului-militar-politistilor-politistilor-de-penitenciare-si-personalului-c\/","title":{"rendered":"\u00ceCCJ. DCD admis\u0103 ref. majorarea de p\u00e2n\u0103 la 50%, calculat\u0103 la solda de func\u0163ie\/salariul de func\u0163ie\/ salariul de baz\u0103 al personalului militar, poli\u0163i\u015ftilor, poli\u0163i\u015ftilor de penitenciare \u015fi personalului civil care execut\u0103 lucr\u0103ri de excep\u0163ie sau misiuni speciale"},"content":{"rendered":"<p>Conform unui comunicat disponibil pe pagina oficial\u0103 de internet, \u00een \u015fedin\u0163a din 18 noiembrie 2024, \u00cenalta Curte de Casa\u0163ie \u015fi Justi\u0163ie \u2013 Completul pentru dezlegarea unor chestiuni de drept \u00een materie civil\u0103, legal constituit \u00een fiecare dintre cauze, a solu\u021bionat \u0219aisprezece sesiz\u0103ri \u00een vederea pronun\u021b\u0103rii unei hot\u0103r\u00e2ri prealabile pentru dezlegarea unor chestiuni de drept, fiind pronun\u021bat\u0103 \u0219i urm\u0103toarea solu\u021bie de admitere, respectiv:<\/p>\n<p>Prin <strong>Decizia nr. 75\/2024<\/strong> din dosarul nr. 1820\/1\/2024, s-a pronun\u021bat urm\u0103toarea solu\u021bie obligatorie:<\/p>\n<p><em>\u201dAdmite sesizarea formulat\u0103 de Tribunalul Bucure\u015fti \u2013 Sec\u0163ia a VIII-a conflicte de munc\u0103 \u015fi asigur\u0103ri sociale, \u00een dosarul nr. 16697\/3\/2024, \u00een vederea pronun\u0163\u0103rii unei hot\u0103r\u00e2ri prealabile.<\/em><\/p>\n<p><em>\u00cen interpretarea \u015fi aplicarea dispozi\u0163iilor art. 15 alin. (1) anexa nr. VI din Legea-cadru nr. 153\/2017 privind salarizarea personalului pl\u0103tit din fonduri publice, cu modific\u0103rile \u015fi complet\u0103rile ulterioare, \u015fi a art. 34 alin. (2) din Ordonan\u0163a de urgen\u0163\u0103 a Guvernului nr. 114\/2018 privind instituirea unor m\u0103suri \u00een domeniul investi\u0163iilor publice \u015fi a unor m\u0103suri fiscal-bugetare, modificarea \u015fi completarea unor acte normative \u015fi prorogarea unor termene, cu modific\u0103rile \u015fi complet\u0103rile ulterioare, art. I alin. (3) din Ordonan\u0163a de urgen\u0163\u0103 a Guvernului nr. 226\/2020 privind unele m\u0103suri fiscal-bugetare \u015fi pentru modificarea \u015fi completarea unor acte normative \u015fi prorogarea unor termene, cu modific\u0103rile ulterioare, art. I alin. (5) din Ordonan\u0163a de urgen\u0163\u0103 a Guvernului nr. 130\/2021 privind unele m\u0103suri fiscal-bugetare, prorogarea unor termene, precum \u015fi pentru modificarea \u015fi completarea unor acte normative, cu modific\u0103rile \u015fi complet\u0103rile ulterioare, art. I alin. (5) din Ordonan\u0163a de urgen\u0163\u0103 a Guvernului nr. 168\/2022 privind unele m\u0103suri fiscal-bugetare, prorogarea unor termene, precum \u015fi pentru modificarea \u015fi completarea unor acte normative, cu modific\u0103rile \u015fi complet\u0103rile ulterioare, stabile\u015fte c\u0103:<\/em><\/p>\n<p><em>Majorarea de p\u00e2n\u0103 la 50%, calculat\u0103 la solda de func\u0163ie\/salariul de func\u0163ie\/ salariul de baz\u0103 al personalului militar, poli\u0163i\u015ftilor, poli\u0163i\u015ftilor de penitenciare \u015fi personalului civil care execut\u0103 lucr\u0103ri de excep\u0163ie sau misiuni speciale, prev\u0103zut\u0103 de art. 15 alin. (1) anexa nr. VI din Legea-cadru nr. 153\/2017, nu este inclus\u0103 \u00een categoria elementelor sistemului de salarizare care fac parte, potrivit legii, din solda lunar\u0103\/ salariul brut lunar, astfel \u00eenc\u00e2t cuantumul acesteia nu este supus plafon\u0103rii la nivelul acordat pentru luna decembrie 2018, \u00eencep\u00e2nd cu 1 ianuarie 2019, \u00een temeiul art. 34 alin. (2) din Ordonan\u0163a de urgen\u0163\u0103 a Guvernului nr. 114\/2018, art. I alin. (3) din Ordonan\u0163a de urgen\u0163\u0103 a Guvernului nr. 226\/2020, art. I alin. (5) din Ordonan\u0163a de urgen\u0163\u0103 a Guvernului nr. 130\/2021, art. I alin. (5) din Ordonan\u0163a de urgen\u0163\u0103 a Guvernului nr. 168\/2022.<\/em><\/p>\n<p><em>Obligatorie, potrivit dispozi\u0163iilor art. 521 alin. (3) din Codul de procedur\u0103 civil\u0103.<\/em><\/p>\n<p><em>Pronun\u0163at\u0103 \u00een \u015fedin\u0163\u0103 public\u0103 ast\u0103zi, 18 noiembrie 2024.<\/em><em>\u201d<\/em><\/p>\n<p><strong>&gt;&gt;\u00a0<\/strong><a href=\"https:\/\/www.iccj.ro\/2024\/11\/19\/comunicat-privind-deciziile-pronuntate-de-completul-pentru-dezlegarea-unor-chestiuni-de-drept-in-materie-civila-in-sedinta-din-18-noiembrie-2024\/\" target=\"_blank\" rel=\"noopener\"><strong>Comunicatul \u00ceCCJ<\/strong><\/a><\/p>\n","protected":false},"excerpt":{"rendered":"<p>Conform unui comunicat disponibil pe pagina oficial\u0103 de internet, \u00een \u015fedin\u0163a din 18 noiembrie 2024, \u00cenalta Curte de Casa\u0163ie \u015fi Justi\u0163ie \u2013 Completul pentru dezlegarea unor chestiuni de drept \u00een materie civil\u0103, legal constituit \u00een fiecare dintre cauze, a solu\u021bionat \u0219aisprezece sesiz\u0103ri \u00een vederea pronun\u021b\u0103rii unei hot\u0103r\u00e2ri prealabile pentru dezlegarea unor chestiuni de drept, fiind [&hellip;]<\/p>\n","protected":false},"author":1,"featured_media":0,"comment_status":"open","ping_status":"open","sticky":false,"template":"","format":"standard","meta":{"footnotes":""},"categories":[17,41,35],"tags":[],"class_list":["post-1094","post","type-post","status-publish","format-standard","hentry","category-dreptul-muncii","category-iccj-dcd","category-jurisprudenta"],"_links":{"self":[{"href":"https:\/\/gazetajuridica.ro\/index.php\/wp-json\/wp\/v2\/posts\/1094","targetHints":{"allow":["GET"]}}],"collection":[{"href":"https:\/\/gazetajuridica.ro\/index.php\/wp-json\/wp\/v2\/posts"}],"about":[{"href":"https:\/\/gazetajuridica.ro\/index.php\/wp-json\/wp\/v2\/types\/post"}],"author":[{"embeddable":true,"href":"https:\/\/gazetajuridica.ro\/index.php\/wp-json\/wp\/v2\/users\/1"}],"replies":[{"embeddable":true,"href":"https:\/\/gazetajuridica.ro\/index.php\/wp-json\/wp\/v2\/comments?post=1094"}],"version-history":[{"count":1,"href":"https:\/\/gazetajuridica.ro\/index.php\/wp-json\/wp\/v2\/posts\/1094\/revisions"}],"predecessor-version":[{"id":1105,"href":"https:\/\/gazetajuridica.ro\/index.php\/wp-json\/wp\/v2\/posts\/1094\/revisions\/1105"}],"wp:attachment":[{"href":"https:\/\/gazetajuridica.ro\/index.php\/wp-json\/wp\/v2\/media?parent=1094"}],"wp:term":[{"taxonomy":"category","embeddable":true,"href":"https:\/\/gazetajuridica.ro\/index.php\/wp-json\/wp\/v2\/categories?post=1094"},{"taxonomy":"post_tag","embeddable":true,"href":"https:\/\/gazetajuridica.ro\/index.php\/wp-json\/wp\/v2\/tags?post=1094"}],"curies":[{"name":"wp","href":"https:\/\/api.w.org\/{rel}","templated":true}]}}