{"id":1123,"date":"2024-11-25T22:15:35","date_gmt":"2024-11-25T20:15:35","guid":{"rendered":"https:\/\/gazetajuridica.ro\/?p=1123"},"modified":"2024-12-30T21:20:30","modified_gmt":"2024-12-30T19:20:30","slug":"iccj-dcd-admisa-ref-stabilirea-dreptului-la-pensie-pentru-perioada-in-care-magistratul-asistent-a-indeplinit-functia-de-avocat","status":"publish","type":"post","link":"https:\/\/gazetajuridica.ro\/index.php\/2024\/11\/25\/iccj-dcd-admisa-ref-stabilirea-dreptului-la-pensie-pentru-perioada-in-care-magistratul-asistent-a-indeplinit-functia-de-avocat\/","title":{"rendered":"\u00ceCCJ. DCD admis\u0103 ref. stabilirea dreptului la pensie pentru perioada \u00een care magistratul-asistent a \u00eendeplinit func\u0163ia de avocat"},"content":{"rendered":"<p>Conform unui comunicat disponibil pe pagina oficial\u0103 de internet, \u00een \u015fedin\u0163a din 25 noiembrie 2024, \u00cenalta Curte de Casa\u0163ie \u015fi Justi\u0163ie \u2013 Completul pentru dezlegarea unor chestiuni de drept \u00een materie civil\u0103, legal constituit \u00een fiecare dintre cauze, a solu\u021bionat cincisprezece sesiz\u0103ri \u00een vederea pronun\u021b\u0103rii unei hot\u0103r\u00e2ri prealabile pentru dezlegarea unor chestiuni de drept, fiind pronun\u021bat\u0103 \u0219i urm\u0103toarea solu\u021bie de admitere, respectiv:<\/p>\n<p>Prin <strong>Decizia nr. 90\/2024<\/strong> din dosarul nr. 2069\/1\/2024, s-a pronun\u021bat urm\u0103toarea solu\u021bie obligatorie:<\/p>\n<p><em>\u201dAdmite sesizarea formulat\u0103 de Tribunalul Bucure\u015fti \u2013 Sec\u0163ia a VIII-a conflicte de munc\u0103 \u015fi asigur\u0103ri sociale, \u00een Dosarul nr. 8.553\/3\/2024, \u00een vederea pronun\u0163\u0103rii unei hot\u0103r\u00e2ri prealabile \u015fi, \u00een consecin\u0163\u0103, stabile\u015fte c\u0103:<\/em><\/p>\n<p><em>\u00cen interpretarea \u015fi aplicarea dispozi\u0163iilor art. 86 din Legea nr. 303\/2004 privind statutul judec\u0103torilor \u015fi procurorilor, republicat\u0103, cu modific\u0103rile \u015fi complet\u0103rile ulterioare \u015fi art. 282 alin. (3) din Legea nr. 303\/2022 privind statutul judec\u0103torilor \u015fi procurorilor, prin raportare la art. 211 alin. (1) din Legea nr. 303\/2022, modificat\u0103 prin Legea nr. 282\/2023 pentru modificarea \u015fi completarea unor acte normative din domeniul pensiilor de serviciu \u015fi a Legii nr. 227\/2015 privind Codul fiscal, perioada \u00een care magistratul-asistent a \u00eendeplinit func\u0163ia de avocat nu poate fi valorificat\u0103 la stabilirea dreptului la pensie dup\u0103 data de 01.01.2024, cu excep\u0163ia situa\u0163iei derogatorii stabilite prin Art. II din Legea nr. 282\/2023.<\/em><\/p>\n<p><em>Obligatorie, potrivit dispozi\u0163iilor art. 521 alin. (3) din Codul de procedur\u0103 civil\u0103.<\/em><\/p>\n<p><em>Pronun\u0163at\u0103 \u00een \u015fedin\u0163\u0103 public\u0103 ast\u0103zi, 25 noiembrie 2024.<\/em><em>\u201d<\/em><\/p>\n<p><strong>&gt;&gt;\u00a0<\/strong><a href=\"https:\/\/www.iccj.ro\/2024\/11\/25\/comunicat-privind-deciziile-pronuntate-de-completul-pentru-dezlegarea-unor-chestiuni-de-drept-in-materie-civila-in-sedinta-din-25-noiembrie-2024\/\" target=\"_blank\" rel=\"noopener\"><strong>Comunicatul \u00ceCCJ<\/strong><\/a><\/p>\n","protected":false},"excerpt":{"rendered":"<p>Conform unui comunicat disponibil pe pagina oficial\u0103 de internet, \u00een \u015fedin\u0163a din 25 noiembrie 2024, \u00cenalta Curte de Casa\u0163ie \u015fi Justi\u0163ie \u2013 Completul pentru dezlegarea unor chestiuni de drept \u00een materie civil\u0103, legal constituit \u00een fiecare dintre cauze, a solu\u021bionat cincisprezece sesiz\u0103ri \u00een vederea pronun\u021b\u0103rii unei hot\u0103r\u00e2ri prealabile pentru dezlegarea unor chestiuni de drept, fiind [&hellip;]<\/p>\n","protected":false},"author":1,"featured_media":0,"comment_status":"open","ping_status":"open","sticky":false,"template":"","format":"standard","meta":{"footnotes":""},"categories":[57,41,35],"tags":[],"class_list":["post-1123","post","type-post","status-publish","format-standard","hentry","category-dreptul-asigurarilor-sociale","category-iccj-dcd","category-jurisprudenta"],"_links":{"self":[{"href":"https:\/\/gazetajuridica.ro\/index.php\/wp-json\/wp\/v2\/posts\/1123","targetHints":{"allow":["GET"]}}],"collection":[{"href":"https:\/\/gazetajuridica.ro\/index.php\/wp-json\/wp\/v2\/posts"}],"about":[{"href":"https:\/\/gazetajuridica.ro\/index.php\/wp-json\/wp\/v2\/types\/post"}],"author":[{"embeddable":true,"href":"https:\/\/gazetajuridica.ro\/index.php\/wp-json\/wp\/v2\/users\/1"}],"replies":[{"embeddable":true,"href":"https:\/\/gazetajuridica.ro\/index.php\/wp-json\/wp\/v2\/comments?post=1123"}],"version-history":[{"count":1,"href":"https:\/\/gazetajuridica.ro\/index.php\/wp-json\/wp\/v2\/posts\/1123\/revisions"}],"predecessor-version":[{"id":1124,"href":"https:\/\/gazetajuridica.ro\/index.php\/wp-json\/wp\/v2\/posts\/1123\/revisions\/1124"}],"wp:attachment":[{"href":"https:\/\/gazetajuridica.ro\/index.php\/wp-json\/wp\/v2\/media?parent=1123"}],"wp:term":[{"taxonomy":"category","embeddable":true,"href":"https:\/\/gazetajuridica.ro\/index.php\/wp-json\/wp\/v2\/categories?post=1123"},{"taxonomy":"post_tag","embeddable":true,"href":"https:\/\/gazetajuridica.ro\/index.php\/wp-json\/wp\/v2\/tags?post=1123"}],"curies":[{"name":"wp","href":"https:\/\/api.w.org\/{rel}","templated":true}]}}