{"id":216,"date":"2024-01-29T00:42:28","date_gmt":"2024-01-28T22:42:28","guid":{"rendered":"https:\/\/gazetajuridica.ro\/?p=216"},"modified":"2024-01-29T07:19:26","modified_gmt":"2024-01-29T05:19:26","slug":"colectie-de-carti-juridice-editura-universul-juridic","status":"publish","type":"post","link":"https:\/\/gazetajuridica.ro\/index.php\/2024\/01\/29\/colectie-de-carti-juridice-editura-universul-juridic\/","title":{"rendered":"Colec\u021bie de c\u0103r\u021bi juridice (Editura Universul Juridic)"},"content":{"rendered":"<p>Eviden\u021biem pe aceast\u0103 cale c\u00e2teva c\u0103r\u021bi \u0219i colec\u021bii relevante, care sunt \u00eenc\u0103 de actualitate \u0219i credem c\u0103 nu ar trebui s\u0103 lipseasc\u0103 din biblioteca unui teoretician ori practician al dreptului.<\/p>\n<p><strong>Pachet: <a href=\"https:\/\/www.ujmag.ro\/drept\/drept-administrativ\/pachet-codul-administrativ-comentat-explicatii-jurisprudenta-doctrina-volumul-i-si-volumul-ii\/?ref=pagina_https:\/\/www.ujmag.ro\/sbf-2018\" target=\"_blank\" rel=\"noopener\"><em>Codul administrativ comentat. Explica\u021bii, jurispruden\u021b\u0103, doctrin\u0103. Volumul I \u0219i Volumul II<\/em><\/a><\/strong><br \/>\nEd. coord. de: Prof. univ. dr. Verginia Vedina\u0219 \u0219i publicat\u0103 \u00een luna ianuarie 2023 de Editura Universul Juridic \u00een colec\u021bia Coduri Comentate.<\/p>\n<p><strong>Pachet: <a href=\"https:\/\/www.ujmag.ro\/drept\/tratat-teoretic-si-practic-de-contencios-administrativ-vol-12-si-3\/?ref=pagina_https:\/\/www.ujmag.ro\/sbf-2018\" target=\"_blank\" rel=\"noopener\"><em>Tratat teoretic \u0219i practic de contencios administrativ, vol 1, 2 \u015fi 3. Edi\u021bia a II-a, revizuit\u0103<\/em><\/a><\/strong><br \/>\nAutor: Oliviu Puie, publicat\u0103 \u00een luna iulie 2022 de Editura Universul Juridic \u00een colec\u021bia I. Tratate.<\/p>\n<p><strong>Pachet: <a href=\"https:\/\/www.ujmag.ro\/drept\/pachet-drept-fiscal-si-drept-financiar-2023\/?ref=pagina_https:\/\/www.ujmag.ro\/sbf-2018\" target=\"_blank\" rel=\"noopener\"><em>Drept fiscal \u0219i Drept financiar 2023<\/em><\/a><\/strong><br \/>\nAutori: Cosmin Flavius Costa\u0219, Ioan Septimiu Pu\u021b , Mihaela Tofan, publicat\u0103 \u00een luna aprilie 2023 de Editura Universul Juridic.<\/p>\n<p><strong>Pachet: <a href=\"https:\/\/www.ujmag.ro\/drept\/pachet-codul-fiscal-si-codul-de-procedura-fiscala-comentat-si-adnotat-cu-legislatie-secundara-si-complementara-2022\/?ref=pagina_https:\/\/www.ujmag.ro\/sbf-2018\" target=\"_blank\" rel=\"noopener\"><em>Codul fiscal \u0219i Codul de procedur\u0103 fiscal\u0103 comentat \u0219i adnotat cu legisla\u021bie secundar\u0103 \u0219i complementar\u0103 2022. Jurispruden\u021b\u0103, norme \u0219i instruc\u021biuni<\/em><\/a><\/strong><br \/>\nAutor: Emilian Duca, publicat\u0103 \u00een luna noiembrie 2022 de Editura Universul Juridic \u00een colec\u021bia Coduri adnotate.<\/p>\n<p><strong>Pachet: <a href=\"https:\/\/www.ujmag.ro\/drept\/tva-jurisprudenta-curtii-de-justitie-a-uniunii-europene-3-volume\/?ref=pagina_https:\/\/www.ujmag.ro\/colectii\/Biblioteca-practica-de-drept-european\" target=\"_blank\" rel=\"noopener\"><em>TVA \u2013 Jurispruden\u021ba Cur\u021bii de Justi\u021bie a Uniunii Europene (3 volume)<\/em><\/a><\/strong><br \/>\nAutor: Viorel Terzea, publicat\u0103 \u00een luna ianuarie 2023 de Editura Universul Juridic \u00een colec\u021bia Biblioteca practic\u0103 de drept european.<\/p>\n<p><strong>Pachet: <a href=\"https:\/\/www.ujmag.ro\/drept\/drept-penal\/pachet-codul-penal-adnotat-vol-i-partea-generala-si-vol-ii-partea-speciala-2021\/?ref=pagina_https:\/\/www.ujmag.ro\/sbf-2018\" target=\"_blank\" rel=\"noopener\"><em>Codul penal adnotat. Vol. I. Partea generala \u0219i Vol. II. Partea special\u0103 2021<\/em><\/a><\/strong><br \/>\nAutori: Voicu Pu\u0219ca\u0219u, Cristinel Ghigheci, publicat\u0103 \u00een luna mai 2021 de Editura Universul Juridic \u00een colec\u021bia Coduri adnotate.<\/p>\n<p><strong>Pachet: <a href=\"https:\/\/www.ujmag.ro\/drept\/drept-procesual-penal\/pachet-codul-de-procedura-penala-adnotat-partea-generala-si-partea-speciala-editia-a-ii-a-revazuta-si-adaugita-2021\/?ref=pagina_https:\/\/www.ujmag.ro\/sbf-2018\" target=\"_blank\" rel=\"noopener\"><em>Codul de procedur\u0103 penal\u0103 adnotat. Partea general\u0103 \u0219i Partea special\u0103. Editia a II-a, rev\u0103zut\u0103 \u0219i ad\u0103ugit\u0103 &#8211; 2021<\/em><\/a><\/strong><br \/>\nAutori: Ion Neagu, Mircea Damaschin, Andrei Viorel Iugan, publicat\u0103 \u00een luna septembrie 2021 de Editura Universul Juridic \u00een colec\u021bia Coduri adnotate.<\/p>\n<p><strong>Pachet: <a href=\"https:\/\/www.ujmag.ro\/drept\/drept-procesual-civil\/pachet-conditiile-esentiale-ale-executarii-silite-titlurile-executorii-incuviintarea-executarii-silite-raspunderea-disciplinara-a-executorului-judecatoresc-si-instanta-de-executare\/?ref=pagina_https:\/\/www.ujmag.ro\/sbf-2018\" target=\"_blank\" rel=\"noopener\"><em>Condi\u021biile esen\u021biale ale execut\u0103rii silite. Titlurile executorii. \u00cencuviin\u021barea execut\u0103rii silite. R\u0103spunderea disciplinar\u0103 a executorului judec\u0103toresc \u0219i Instan\u021ba de executare<\/em><\/a><\/strong><br \/>\nEd. coord. de Vasile Boze\u0219an \u015fi cu autorii: George-Alexandru Laz\u0103r, Nicolae-Horia Tit, Andreea Tabacu, Lucian P\u0103un, Gabriela Cristina Fren\u021biu, publicat\u0103 \u00een luna mai 2019 de Editura Universul Juridic\u0103 \u00een colec\u021bia Biblioteca de executare silit\u0103.<\/p>\n<p>Recomand\u0103m, de asemenea, c\u0103r\u021bile publicate de aceea\u0219i editur\u0103 \u0219i \u00een colec\u021bia:<\/p>\n<p>:: <a href=\"https:\/\/www.ujmag.ro\/colectii\/Biblioteca-practica-de-drept-european?editura-universul-juridic\" target=\"_blank\" rel=\"noopener\">Biblioteca practic\u0103 de drept european<\/a><\/p>\n<p>:: <a href=\"https:\/\/www.ujmag.ro\/colectii\/Biblioteca-practica-de-dreptul-muncii?editura-universul-juridic\" target=\"_blank\" rel=\"noopener\">Biblioteca practic\u0103 de dreptul muncii<\/a><\/p>\n<p>:: <a href=\"https:\/\/www.ujmag.ro\/colectii\/Tratate?editura-universul-juridic\" target=\"_blank\" rel=\"noopener\">I. Tratate<\/a><\/p>\n","protected":false},"excerpt":{"rendered":"<p>Eviden\u021biem pe aceast\u0103 cale c\u00e2teva c\u0103r\u021bi \u0219i colec\u021bii relevante, care sunt \u00eenc\u0103 de actualitate \u0219i credem c\u0103 nu ar trebui s\u0103 lipseasc\u0103 din biblioteca unui teoretician ori practician al dreptului. Pachet: Codul administrativ comentat. Explica\u021bii, jurispruden\u021b\u0103, doctrin\u0103. Volumul I \u0219i Volumul II Ed. coord. de: Prof. univ. dr. Verginia Vedina\u0219 \u0219i publicat\u0103 \u00een luna ianuarie [&hellip;]<\/p>\n","protected":false},"author":1,"featured_media":0,"comment_status":"closed","ping_status":"open","sticky":false,"template":"","format":"standard","meta":{"footnotes":""},"categories":[49],"tags":[72,73,74,9],"class_list":["post-216","post","type-post","status-publish","format-standard","hentry","category-comentarii-note-studii","tag-carti","tag-colectie","tag-editura-universul-juridic","tag-gazeta-juridica"],"_links":{"self":[{"href":"https:\/\/gazetajuridica.ro\/index.php\/wp-json\/wp\/v2\/posts\/216","targetHints":{"allow":["GET"]}}],"collection":[{"href":"https:\/\/gazetajuridica.ro\/index.php\/wp-json\/wp\/v2\/posts"}],"about":[{"href":"https:\/\/gazetajuridica.ro\/index.php\/wp-json\/wp\/v2\/types\/post"}],"author":[{"embeddable":true,"href":"https:\/\/gazetajuridica.ro\/index.php\/wp-json\/wp\/v2\/users\/1"}],"replies":[{"embeddable":true,"href":"https:\/\/gazetajuridica.ro\/index.php\/wp-json\/wp\/v2\/comments?post=216"}],"version-history":[{"count":4,"href":"https:\/\/gazetajuridica.ro\/index.php\/wp-json\/wp\/v2\/posts\/216\/revisions"}],"predecessor-version":[{"id":255,"href":"https:\/\/gazetajuridica.ro\/index.php\/wp-json\/wp\/v2\/posts\/216\/revisions\/255"}],"wp:attachment":[{"href":"https:\/\/gazetajuridica.ro\/index.php\/wp-json\/wp\/v2\/media?parent=216"}],"wp:term":[{"taxonomy":"category","embeddable":true,"href":"https:\/\/gazetajuridica.ro\/index.php\/wp-json\/wp\/v2\/categories?post=216"},{"taxonomy":"post_tag","embeddable":true,"href":"https:\/\/gazetajuridica.ro\/index.php\/wp-json\/wp\/v2\/tags?post=216"}],"curies":[{"name":"wp","href":"https:\/\/api.w.org\/{rel}","templated":true}]}}