{"id":91,"date":"2024-01-25T00:58:26","date_gmt":"2024-01-24T22:58:26","guid":{"rendered":"https:\/\/gazetajuridica.ro\/?p=91"},"modified":"2024-01-26T07:55:42","modified_gmt":"2024-01-26T05:55:42","slug":"despre-noi","status":"publish","type":"post","link":"https:\/\/gazetajuridica.ro\/index.php\/2024\/01\/25\/despre-noi\/","title":{"rendered":"Despre noi"},"content":{"rendered":"<p>\u00cen anul 1899, poate nu \u00eent\u00e2mpl\u0103tor pe 1 iunie, ap\u0103rea primul num\u0103r al revistei <a href=\"https:\/\/muzeu.unibuc.ro\/ro\/gazeta-juridica\/\" target=\"_blank\" rel=\"noopener\">\u201dGazeta Juridic\u0103\u201d<\/a>, la ini\u021biativa unor studen\u021bi de la facultatea de drept, membri ai Societ\u0103\u021bii Studen\u021bilor \u00een Drept, care aveau motive serioase s\u0103 cread\u0103 c\u0103 o gazet\u0103 juridic\u0103 este necesar\u0103 tuturor, apari\u021bia revistei urm\u0103rind s\u0103 stabileasc\u0103 raporturi \u0219tiin\u021bifice \u00eentre comunitatea juridic\u0103 din acele vremuri \u0219i public,\u00a0deziterat care s-a realizat \u0219i a fost posibil numai pentru pu\u021bin timp, exist\u00e2nd o inten\u021bie de relansare \u00eentre anii 1930-1931.<\/p>\n<p>Pentru c\u0103 de \u201dvisurile m\u0103re\u021be nu are voie s\u0103 se aleag\u0103 praful\u201d, \u00een semn de pre\u021buire pentru bunele inten\u021bii \u0219i efortul acelor studen\u021bi de la drept, echipa noastr\u0103 dore\u0219te s\u0103 continue proiectul \u201dGazeta Juridic\u0103\u201d \u00eentr-un cadru modern,\u00a0 permis de tehnologia actual\u0103, \u0219i s\u0103 \u00eel transforme \u00een unul dintre cele mai utile instrumente juridice la care s\u0103 aib\u0103 acces studen\u021bii \u0219i profesorii, teoreticienii \u0219i practicienii dreptului, care prin simpla accesare a paginii principale a site-ului pot fi direc\u021biona\u021bi spre informa\u021bii esen\u021biale privind legisla\u021bia na\u021bional\u0103 \u0219i european\u0103, jurispruden\u021ba Cur\u021bii de Justi\u021bie a Uniunii Europene (CJUE), a Cur\u021bii Europene a Drepturilor Omului (CtEDO), a Cur\u021bii Constitu\u021bionale a Rom\u00e2niei (CCR), a \u00cenaltei Cur\u021bi de Casa\u021bie \u0219i Justi\u021bie a Rom\u00e2niei (\u00ceCCJ), dar \u0219i practica judec\u0103toreasc\u0103 de la nivelul cur\u021bilor de apel, a tribunalelor, respectiv a judec\u0103toriilor din Rom\u00e2nia.<\/p>\n<p>Nu \u00een ultimul r\u00e2nd, practicienii dreptului vor putea folosi site-ul \u201dGazeta Juridic\u0103\u201d, inclusiv ca pe o \u201dagend\u0103\u201d on-line, \u00een care prin c\u00e2teva acces\u0103ri pot afla legisla\u021bia actualizat\u0103 aplicabil\u0103 \u00een diferite dosare aflate \u00een lucru, \u00ee\u0219i pot calcula \u0219i achita taxele judiciare aferente unor procese, pot calcula dob\u00e2nzi legale \u0219i fiscale, respectiv pot actualiza sume cu rata infla\u021biei, iar cei nevoi\u021bi s\u0103 se deplaseze \u00een diferite localit\u0103\u021bi pentru a rezolva diverse afaceri judiciare, pot afla informa\u021bii relevante pentru rezervarea unor spa\u021bii de cazare, achizi\u021bionarea unor bilete de avion, pot verifica starea vremii \u0219i starea drumurilor, cam tot ce este nevoit uneori s\u0103 fac\u0103 un practician al dreptului atunci c\u00e2nd se preg\u0103te\u0219te s\u0103 plece \u00een \u021bar\u0103 sau din \u021bar\u0103, \u00een interes profesional.<\/p>\n<p>Al\u0103turi de voi,<br \/>\nGazeta Juridic\u0103<\/p>\n","protected":false},"excerpt":{"rendered":"<p>\u00cen anul 1899, poate nu \u00eent\u00e2mpl\u0103tor pe 1 iunie, ap\u0103rea primul num\u0103r al revistei \u201dGazeta Juridic\u0103\u201d, la ini\u021biativa unor studen\u021bi de la facultatea de drept, membri ai Societ\u0103\u021bii Studen\u021bilor \u00een Drept, care aveau motive serioase s\u0103 cread\u0103 c\u0103 o gazet\u0103 juridic\u0103 este necesar\u0103 tuturor, apari\u021bia revistei urm\u0103rind s\u0103 stabileasc\u0103 raporturi \u0219tiin\u021bifice \u00eentre comunitatea juridic\u0103 din [&hellip;]<\/p>\n","protected":false},"author":1,"featured_media":0,"comment_status":"closed","ping_status":"open","sticky":false,"template":"","format":"standard","meta":{"footnotes":""},"categories":[1],"tags":[27,9],"class_list":["post-91","post","type-post","status-publish","format-standard","hentry","category-stiri","tag-despre-noi","tag-gazeta-juridica"],"_links":{"self":[{"href":"https:\/\/gazetajuridica.ro\/index.php\/wp-json\/wp\/v2\/posts\/91","targetHints":{"allow":["GET"]}}],"collection":[{"href":"https:\/\/gazetajuridica.ro\/index.php\/wp-json\/wp\/v2\/posts"}],"about":[{"href":"https:\/\/gazetajuridica.ro\/index.php\/wp-json\/wp\/v2\/types\/post"}],"author":[{"embeddable":true,"href":"https:\/\/gazetajuridica.ro\/index.php\/wp-json\/wp\/v2\/users\/1"}],"replies":[{"embeddable":true,"href":"https:\/\/gazetajuridica.ro\/index.php\/wp-json\/wp\/v2\/comments?post=91"}],"version-history":[{"count":5,"href":"https:\/\/gazetajuridica.ro\/index.php\/wp-json\/wp\/v2\/posts\/91\/revisions"}],"predecessor-version":[{"id":200,"href":"https:\/\/gazetajuridica.ro\/index.php\/wp-json\/wp\/v2\/posts\/91\/revisions\/200"}],"wp:attachment":[{"href":"https:\/\/gazetajuridica.ro\/index.php\/wp-json\/wp\/v2\/media?parent=91"}],"wp:term":[{"taxonomy":"category","embeddable":true,"href":"https:\/\/gazetajuridica.ro\/index.php\/wp-json\/wp\/v2\/categories?post=91"},{"taxonomy":"post_tag","embeddable":true,"href":"https:\/\/gazetajuridica.ro\/index.php\/wp-json\/wp\/v2\/tags?post=91"}],"curies":[{"name":"wp","href":"https:\/\/api.w.org\/{rel}","templated":true}]}}